{"id":27307,"date":"2024-11-19T13:20:20","date_gmt":"2024-11-19T11:20:20","guid":{"rendered":"https:\/\/waag-azhar.org\/fr\/?p=27307"},"modified":"2024-11-19T13:20:23","modified_gmt":"2024-11-19T11:20:23","slug":"biographie-de-son-eminence-le-grand-imam-dal-azhar-le-professeur-docteur-ahmed-a%e1%b9%ad-%e1%b9%adayyieb-quallah-le-protege-le-comble-de-ses-bienfaits-et-lui-accorde-une-bonne-s","status":"publish","type":"post","link":"https:\/\/waag-azhar.org\/fr\/27307\/","title":{"rendered":"Biographie de son \u00c9minence le Grand Imam d\u2019Al-Azhar, le Professeur Docteur\u00a0: Ahmed A\u1e6d-\u1e6cayyieb &#8211; Qu&#8217;Allah le prot\u00e8ge, le comble de Ses bienfaits et lui accorde une bonne sant\u00e9."},"content":{"rendered":"\n<p><\/p>\n\n\n\n<ul class=\"wp-block-list\">\n<li><strong><u>Naissance et Formation\u00a0:<\/u><\/strong><\/li>\n<\/ul>\n\n\n\n<p>Issu d&#8217;une Noble Famille, le Professeur Docteur&nbsp;: Ahmed&nbsp; Mohamed Ahmed A\u1e6d-\u1e6cayyieb est n\u00e9 au village Al-Kourna, Gouvernorat de Louxor, le 3 \u1e62afar 1365 de l&#8217;H\u00e9gire, le 6 Janvier 1946 AP. JC. Son p\u00e8re \u00e9tait \u00e9rudit et vertueux. Il a fait ses \u00e9tudes \u00e0 Al-Azhar, m\u00e9moris\u00e9 le Coran et appris, de la mani\u00e8re azhariste, les TEXTES scientifiques d&#8217;origines. Puis, il a rejoint la section de la <em><u>Th\u00e9ologie et de la philosophie<\/u><\/em> \u00e0 la Facult\u00e9&nbsp; des fondements de la religion au Caire o\u00f9 il a \u00e9t\u00e9, par excellence, gradu\u00e9.<\/p>\n\n\n\n<ul class=\"wp-block-list\">\n<li><strong><u>Qualifications\u00a0 scientifiques\u00a0:<\/u><\/strong><\/li>\n<\/ul>\n\n\n\n<ul class=\"wp-block-list\">\n<li>Licence \u00abTh\u00e9ologie et Philosophie\u00bb de l&#8217;Universit\u00e9 d\u2019Al-Azhar en 1969 AP. J-C.<\/li>\n\n\n\n<li>Magist\u00e8re en \u00abTh\u00e9ologie et Philosophie\u00bb de l&#8217;Universit\u00e9 d\u2019Al-Azhar en 1971 AP. J-C.<\/li>\n\n\n\n<li>Doctorat en \u00abTh\u00e9ologie et Philosophie\u00bb de l&#8217;Universit\u00e9 d\u2019Al-Azhar en 1977 AP. J-C.<\/li>\n<\/ul>\n\n\n\n<ul class=\"wp-block-list\">\n<li><strong><u>Degr\u00e9s scientifiques\u00a0:<\/u><\/strong><\/li>\n<\/ul>\n\n\n\n<ul class=\"wp-block-list\">\n<li>Assistant au d\u00e9partement\u00a0de \u00abTh\u00e9ologie et Philosophie\u00bb \u00e0 l&#8217;Universit\u00e9 d\u2019Al-Azhar en 1969 AP. J-C.<\/li>\n\n\n\n<li>Ma\u00eetre-assistant au d\u00e9partement de \u00abTh\u00e9ologie et Philosophie\u00bb \u00e0 l&#8217;Universit\u00e9 d\u2019Al-Azhar en 1972 AP. J-C.<\/li>\n\n\n\n<li>Ma\u00eetre de conf\u00e9rences au d\u00e9partement de \u00abTh\u00e9ologie et Philosophie\u00bb \u00e0 l&#8217;Universit\u00e9 de l&#8217;Al-Azhar en 1977 AP. J-C.<\/li>\n\n\n\n<li>Professeur-adjoint au d\u00e9partement de \u00abTh\u00e9ologie et Philosophie\u00bb \u00e0 l&#8217;Universit\u00e9 d\u2019Al-Azhar en 1982 AP.J-C.<\/li>\n\n\n\n<li>Professeur au d\u00e9partement de \u00abTh\u00e9ologie et Philosophie\u00bb \u00e0 l&#8217;Universit\u00e9 d\u2019Al-Azhar en 1988 AP.J-C.<\/li>\n\n\n\n<li><strong><u>Postes<\/u><\/strong><strong>\u00a0:<\/strong><\/li>\n<\/ul>\n\n\n\n<p><strong>1- <u>En \u00c9gypte<\/u><\/strong>&nbsp;:<\/p>\n\n\n\n<ul class=\"wp-block-list\">\n<li>Doyen de la Facult\u00e9 des \u00c9tudes Islamiques, jeunes gar\u00e7ons, au gouvernorat de Quina \u00e0 partir du 8 Rabi\u2018 El-Awwal 1411 de l&#8217;H\u00e9gire, le 27 Octobre 1990 AP.J-C jusqu&#8217;au 21 \u1e62afar 1421 de l&#8217;H\u00e9gire, le 31 Ao\u00fbt 1991 AP.J-C.<\/li>\n\n\n\n<li>Doyen de la Facult\u00e9 des \u00c9tudes Islamiques, jeunes gar\u00e7ons, au gouvernorat d&#8217;Assouan \u00e0 partir du 22 Djumada Al-Akher 1416 de l&#8217;H\u00e9gire, le 15 Novembre 1995 AP.J-C.<\/li>\n\n\n\n<li>Doyen de la m\u00eame Facult\u00e9 \u00e0 partir du 9 Novembre 1997 AP.J-C jusqu&#8217;au 3 Octobre 1999 AP.J-C.<\/li>\n\n\n\n<li>Mufti de la R\u00e9publique Arabe d&#8217;\u00c9gypte \u00e0 partir du 26 Dhil-Hijah 1422 de l&#8217;H\u00e9gire, le 10 Mars 2002\u00a0 AP. J-C jusqu&#8217;au d\u00e9but du mois de Cha\u2018b\u0101\u0101n 1424 de l&#8217;H\u00e9gire, le 27 Septembre 2003\u00a0 AP.J-C.<\/li>\n\n\n\n<li>Recteur de l&#8217;Universit\u00e9 d\u2019Azhar \u00e0 partir du\u00a0 d\u00e9but du mois de Cha\u2018b\u0101\u0101n 1424 de l&#8217;H\u00e9gire, le 28 Septembre 2003\u00a0 AP.J-C jusqu&#8217;au 4 Rabi\u2018 El-Akher 1431 de l&#8217;H\u00e9gire, le 19 Mars 2010 AP.J-C.<\/li>\n\n\n\n<li>Cheikh d\u2019Al-Azhar \u00e0 partir de 2010\u00a0 AP.J-C et jusqu\u2019ici.<\/li>\n<\/ul>\n\n\n\n<p>Son \u00e9minence le Grand Imam fait \u00e9galement membre d&#8217;un certain nombre d&#8217;organismes, d\u2019\u00e9tablissements religieux et de pens\u00e9e.<\/p>\n\n\n\n<p><strong><u>Hors d&#8217;\u00c9gypte<\/u><\/strong><strong>&nbsp;:<\/strong><\/p>\n\n\n\n<p>Il a travaill\u00e9 aupr\u00e8s d&#8217;un nombre d&#8217;Universit\u00e9s du monde islamique comme&nbsp;:<\/p>\n\n\n\n<ul class=\"wp-block-list\">\n<li>L&#8217;Universit\u00e9 du Roi Mohamed Ibn Sa\u2018oud \u00e0 Ry\u0101d.<\/li>\n\n\n\n<li>L&#8217;Universit\u00e9 de Qatar.<\/li>\n\n\n\n<li>L&#8217;Universit\u00e9 des \u00c9mirats.<\/li>\n\n\n\n<li>l&#8217;Universit\u00e9 islamique internationale d&#8217;Islamabad (Pakistan), \u00e0 la Facult\u00e9 de Th\u00e9ologie.<\/li>\n\n\n\n<li>Il pr\u00e9side actuellement le Conseil des Sages Musulmans, fond\u00e9 le 21 Ramadan 1435 de l&#8217;H\u00e9gire, le 19 Juillet 2014 AP.J-C, pour promouvoir la paix dans les soci\u00e9t\u00e9s.<\/li>\n<\/ul>\n\n\n\n<ul class=\"wp-block-list\">\n<li><strong><u>Missions scientifiques<\/u><\/strong><strong>\u00a0:<\/strong><\/li>\n<\/ul>\n\n\n\n<p>Son \u00e9minence le grand imam a particip\u00e9 \u00e0 plusieurs Conf\u00e9rences et \u00e0 maintes Rencontres islamiques internationales comme&nbsp;: &nbsp;<\/p>\n\n\n\n<ul class=\"wp-block-list\">\n<li>Mission scientifique \u00e0 l&#8217;universit\u00e9 de Paris en 1977 AP.J-C.<\/li>\n\n\n\n<li>Mission scientifique en Suisse en vertu d\u2019une invitation de l&#8217;Universit\u00e9 de Friedrich-Alexander d&#8217;Erlangen-Nuremberg en 1989 \u00a0AP.J-C.<\/li>\n\n\n\n<li>Il \u00e9tait en t\u00eate d\u2019une d\u00e9l\u00e9gation de Presse et de Parlement pour engager un dialogue avec le Parlement allemand, les M\u00e9dias et le Conseil \u0153cum\u00e9nique des Eglises en Allemagne en 2003 AP.J-C.<\/li>\n\n\n\n<li>Il a particip\u00e9 \u00e0 la Conf\u00e9rence du sommet pour le respect interreligieux tenu \u00e0 New York et \u00e0 l&#8217;Universit\u00e9 de Harvard en 2004\u00a0 AP.J-C.<\/li>\n\n\n\n<li>Il a particip\u00e9 \u00e0 la Conf\u00e9rence des Religions et des cultures (le courage de l&#8217;humanisme moderne), organis\u00e9e par l&#8217;Universit\u00e9 \u00a0(Universita\u00a0 Perucia) en Italie en 2004 AP.J-C.<\/li>\n\n\n\n<li>Il a particip\u00e9 \u00e0 la Conf\u00e9rence de la Culture et des Religions, organis\u00e9e par (L&#8217;universit\u00e9 de Rome III) en 2004 AP.J-C, dans la r\u00e9gion m\u00e9diterran\u00e9enne. \u00a0\u00a0<\/li>\n\n\n\n<li>Il a particip\u00e9 \u00e0 la Conf\u00e9rence internationale des Ul\u00e9mas Musulmans en Indon\u00e9sie dont le th\u00e8me (la lev\u00e9e de l&#8217;Etendard de l&#8217;Islam est une Mis\u00e9ricorde pour l&#8217;Univers) en\u00a0 2004 AP.J-C.<\/li>\n\n\n\n<li>Il a particip\u00e9 \u00e0 la 19<sup>\u00e8me<\/sup> Rencontre internationale pour la paix tenu \u00e0 Lyon en France en 2005\u00a0 AP.J-C.<\/li>\n\n\n\n<li>Il a particip\u00e9 \u00e0 la Conf\u00e9rence islamique internationale, sur \u00abla R\u00e9alit\u00e9 de l&#8217;Islam et son r\u00f4le dans la soci\u00e9t\u00e9 contemporaine\u00bb, organis\u00e9e par la fondation Alul-bayt pour la pens\u00e9e islamique \u00a0en Jordanie en 2005\u00a0 AP.J-C.<\/li>\n\n\n\n<li>Pr\u00e9sident de la premi\u00e8re, de la deuxi\u00e8me et de la troisi\u00e8me Rencontre de l&#8217;association mondiale des dipl\u00f4m\u00e9s d\u2019Al-Azhar.<\/li>\n<\/ul>\n\n\n\n<ul class=\"wp-block-list\">\n<li><strong><u>L\u00e9gions d\u2019honneur<\/u><\/strong><strong> :<\/strong><\/li>\n<\/ul>\n\n\n\n<ul class=\"wp-block-list\">\n<li>Le prix de la personnalit\u00e9 islamique qu&#8217;avait obtenu l&#8217;Universit\u00e9 d\u2019Al-Azhar, en 2003 AP.J-C, de son altesse le Cheikh Mohamed Ibn Rachid \u0100l-Maktoum, le prince h\u00e9ritier de Duba\u00ef.<\/li>\n\n\n\n<li>Lors de la Conf\u00e9rence islamique internationale tenue en Jordanie en 2007 AP.J-C, Sa Majest\u00e9 le Roi Abduallah II, Roi de la Jordanie, lui a octroy\u00e9 la M\u00e9daille d&#8217;Ind\u00e9pendance de Premi\u00e8re Classe. Il lui a octroy\u00e9 \u00e9galement le Certificat de l&#8217;adh\u00e9sion \u00e0 l&#8217;Acad\u00e9mie Royale de la Pens\u00e9e Islamique en reconnaissance de son r\u00f4le dans la mise en \u00e9vidence mod\u00e9r\u00e9e des diff\u00e9rents aspects de la religion islamique.<\/li>\n\n\n\n<li>Sous le patronage de son altesse le Cheikh Mohamed Ibn Z\u0101yied \u0100l-Nahy\u0101n, le prince h\u00e9ritier d&#8217;Abou Dhabi, son Eminence le Grand Imam a re\u00e7u le prix annuel de la Personnalit\u00e9 culturelle en 2013 AP.J-C. Ce prix est celui du Cheikh Z\u0101yied pour le Livre, aux \u00e9mirats arabes.\u00a0<\/li>\n\n\n\n<li>2014\u00a0: Prix annuel de \u00abla personnalit\u00e9 islamique\u00bb dans le cadre du Prix international du Coran de Duba\u00ef.<\/li>\n\n\n\n<li>2015\u00a0: \u00abPersonnalit\u00e9 de l&#8217;ann\u00e9e\u00bb de la part du Kowe\u00eft comme Capitale de la culture musulmane.<\/li>\n\n\n\n<li>Janvier 2016\u00a0: Son Altesse l&#8217;Emir du Kowe\u00eft Cheikh \u1e62obah Al-Ahmed\u00a0 a octroy\u00e9 \u00e0 son \u00c9minence, le Grand Imam Prof. Dr. Ahmed A\u1e6d-\u1e6cayyeb, Cheikh d&#8217;Al-Azhar, la l\u00e9gion du Kowe\u00eft de Premier Classe en reconnaissance de ses grands efforts d\u00e9ploy\u00e9s dans le domaine religieux et de ses services exemplaires qu&#8217;il a rendus.<\/li>\n\n\n\n<li>F\u00e9vrier 2016\u00a0: Doctorat honorifique de l&#8217;Universit\u00e9 islamique de &#8221; Mawl\u0101na Malek Ibrahim&#8221;, Indon\u00e9sie.<\/li>\n\n\n\n<li>Avril 2016\u00a0: Doctorat honorifique \u00e8s sciences sociales de l&#8217;Universit\u00e9 de Beni Swayf.<\/li>\n\n\n\n<li><strong><u>\u0152uvres<\/u><\/strong>\u00a0<strong>:<\/strong><\/li>\n<\/ul>\n\n\n\n<ul class=\"wp-block-list\">\n<li>\u00abL&#8217;aspect critique dans la philosophie d&#8217;Abil-Barak\u0101t al-Baghd\u0101di\u00bb.<\/li>\n\n\n\n<li>Pr\u00e9sentation et \u00e9tude de \u00abl\u2019Existence et de l\u2019Essence, le cas de l\u2019ouvrage\u00a0: Al-Maw\u0101qef\u00bb -, le Caire, 1402 de l\u2019H\u00e9gire, 1982 AP. JC.<\/li>\n\n\n\n<li>Pr\u00e9sentation et \u00e9tude de \u00abla Raison et de l\u2019Effet, le cas de l\u2019ouvrage\u00a0: Al-Maw\u0101qef\u00bb, le Caire, 1407 de l\u2019H\u00e9gire, 1982 AP. JC.<\/li>\n\n\n\n<li>\u00abIntroduction \u00e0 l&#8217;\u00e9tude de l&#8217;Ancienne Logique\u00bb, le Caire &#8211; 1407 de l\u2019H\u00e9gire, 1987 AP. JC.<\/li>\n\n\n\n<li>Recherches sur \u00abla philosophie islamique\u00a0\u00bb, en collaboration avec d\u2019autres, Universit\u00e9 de Qatar, Doha, 1414 de l\u2019H\u00e9gire, 1993 AP. JC.<\/li>\n\n\n\n<li>Commentaire sur la partie consacr\u00e9e \u00e0 \u00abla Th\u00e9odic\u00e9e\u00bb du livre \u00abTah\u1e93\u012bb Al-Kal\u0101m\u00bb d\u2019At-Taftaz\u0101ni, le Caire 1997.<\/li>\n\n\n\n<li>R\u00e9flexions sur la pens\u00e9e de l&#8217;Imam Abil-Hassan Al-Ash\u2018ar\u012b, Dar Al-Quds Al-\u2018Arabi, le Caire 1434 de l\u2019H\u00e9gire, 2014 AP. JC.<\/li>\n\n\n\n<li>Discours sur les Raisons et les Finalit\u00e9s, Dar Al-Quds Al-\u2019Arabi, le Caire 1434 de l\u2019H\u00e9gire, 2014 AP. JC.<\/li>\n\n\n\n<li><strong>Recherches publi\u00e9es dans des revues scientifiques\u00a0:<\/strong><\/li>\n<\/ul>\n\n\n\n<ul class=\"wp-block-list\">\n<li>\u00abFondements de la th\u00e9orie de la Science chez Al-Ash\u2018ari, le Caire, 1407 de l\u2019H\u00e9gire, 1982. AP. JC.<\/li>\n\n\n\n<li>\u00abFondements de la Science de la Controverse chez Al-Ash\u2018ari (Revue de la Facult\u00e9 de Shari\u2018a, le Caire, N\u00b0\u00a0: IV, 1987.<\/li>\n\n\n\n<li>\u00abPatrimoine et Innovation &#8211; d\u00e9bats et r\u00e9ponses (Revue de la Facult\u00e9 de la Shari\u2018a et des \u00e9tudes islamiques, Universit\u00e9 de Qatar, N \u00b0\u00a0: XI, 1414 de l\u2019H\u00e9gire, 1993 AP. JC.<\/li>\n\n\n\n<li>\u00abConcept du mouvement entre la philosophie islamique et la philosophie marxiste\u00bb Edition Dar A\u1e6d-\u1e6ciba\u2018ah Al-Mo\u1e25ammadeyyah, 1982. \u00a0<\/li>\n\n\n\n<li><strong>V\u00e9rification\u00a0:<\/strong><\/li>\n\n\n\n<li>\u00abLes preuves les plus \u00e9videntes de la r\u00e9v\u00e9lation approuvant l\u2019Essence de l\u2019esprit) ou \u00ab\u1e62a\u1e25i\u1e25 Adellat An-Naql f\u012b Maheyat Al-\u2018Aql\u00bb d\u2019Abil Barakat Al-Baghdadi, avec une introduction en fran\u00e7ais, publi\u00e9 dans le magazine de l\u2019Institut scientifique fran\u00e7ais du Caire.<\/li>\n\n\n\n<li><strong>Traduction\u00a0:<\/strong><\/li>\n<\/ul>\n\n\n\n<ul class=\"wp-block-list\">\n<li>Traduction du fran\u00e7ais vers l\u2019arabe du livre \u00abl\u2019\u0152uvre d\u2019Ibn \u2018Arabi : Histoire et classification\u00bb, Osman Yahia, le Caire, 1413 de l\u2019H\u00e9gire, 1992 AP. JC.<\/li>\n\n\n\n<li>\u00abTraduction des Introductions fran\u00e7aises du Dictionnaire r\u00e9pertori\u00e9 des propos du Hadith proph\u00e9tique\u00bb, Revue du Centre de Recherches de la Sirah et de la Sunna, Universit\u00e9 de Qatar, N\u00b0 I, 1414 de l\u2019H\u00e9gire, 1998 AP. JC.<\/li>\n\n\n\n<li>Traduction du fran\u00e7ais vers l\u2019arabe du livre \u00abProph\u00e9tie et saintet\u00e9 dans la doctrine d\u2019Ibn \u2018Arabi\u00bb, Dar Al-Qobba Al-Zarq\u0101\u2019, Maroc, 1419 de l\u2019H\u00e9gire, 1998 AP JC.<\/li>\n\n\n\n<li><strong>Recherches de Conf\u00e9rences et de forums\u00a0:<\/strong><\/li>\n<\/ul>\n\n\n\n<ul class=\"wp-block-list\">\n<li>\u00ab\u00c9tudes faites par les fran\u00e7ais sur Ibn \u2018Arabi\u00bb. La premi\u00e8re Conf\u00e9rence internationale de la philosophie islamique, Facult\u00e9 de Dar Al-\u2018Ouloum, le Caire, de\u00a0 20 \u00e0 22 Avril 1996.<\/li>\n\n\n\n<li>\u00abR\u00e9flexions sur la question de la falsification du Coran chez les Chiites Imamites\u00bb. Colloque \u00e0 la Facult\u00e9 de Th\u00e9ologie, le Caire le 1<sup>er<\/sup> Mai 1997.<\/li>\n\n\n\n<li>\u00abIbn \u2018Arabi au sein des couloirs des Universit\u00e9s \u00e9gyptiennes\u00bb. La Conf\u00e9rence internationale sur Ibn \u2018Arabi, tenue de 7 \u00e0 15 Mai 1997 au Maroc. Sous publication, en fran\u00e7ais, dans le magazine d\u2019Af\u0101q au Maroc.<\/li>\n\n\n\n<li>\u00abLe Cheikh Mo\u1e63\u1e6dafa Abd Al-Razeq accus\u00e9\u00bb. Colloque \u00e0 l\u2019Institut du Monde Arabe (LIMA) \u00e0 Paris, sur le soufisme en Egypte, tenu de 22 \u00e0 29 Avril1998.<\/li>\n\n\n\n<li>\u00abLa n\u00e9cessit\u00e9 de renouveler\u00bb. La Conf\u00e9rence internationale du Haut Conseil des Affaires islamiques tenue au Caire, de 31 Mai \u00e0 3 Juin 2001.<\/li>\n\n\n\n<li>\u00abL\u2019Imam Mohammad Abdou est l\u2019un des savants de la discipline de Kal\u0101m\u00bb, pr\u00e9sent\u00e9e \u00e0 l\u2019occasion de la c\u00e9l\u00e9bration d\u2019Al-Azhar Ash-Sharif du centenaire de la mort de l\u2019Imam Mohammad Abdou, tenue de 21 \u00e0 22de Djumada II 1426 de l\u2019H\u00e9gire, 27-28 Juillet 2005. AP. JC.<\/li>\n\n\n\n<li><strong>Activit\u00e9s du Son Eminence le Grand Imam <\/strong><strong>\u00a0:<\/strong> \u00a0<\/li>\n\n\n\n<li><strong>&#8211; En \u00c9gypte\u00a0:<\/strong><\/li>\n<\/ul>\n\n\n\n<p>Son \u00c9minence le Grand Imam a \u00e9volu\u00e9 le Rectorat d\u2019Al-Azhar \u00e0 travers la cr\u00e9ation d\u2019un certain nombre de nouveaux organismes visant \u00e0 activer le r\u00f4le d\u2019Al-Azhar Ash-Sharif au sein de la Communaut\u00e9 comme :<\/p>\n\n\n\n<ul class=\"wp-block-list\">\n<li>Le Centre m\u00e9diatique d\u2019Al-Azhar Ash-Sharif en vue de promouvoir la pr\u00e9sence d&#8217;Al-Azhar Dans l&#8217;ar\u00e8ne m\u00e9diatique.<\/li>\n\n\n\n<li>L\u2019Observatoire d\u2019Al-Azhar Ash-Sharif pour la lutte contre l\u2019extr\u00e9misme ayant pour objet d\u2019observer l\u2019Image de l\u2019Islam, d\u2019Al- Azhar et des musulmans partout dans le monde, et suivre de pr\u00e8s les groupes terroristes et leurs actes violents perp\u00e9tr\u00e9s au nom de l\u2019Islam.<\/li>\n\n\n\n<li>Le Centre du dialogue interreligieux d&#8217;Al-Azhar dans le but d\u2019\u00e9tudier les \u00e9tapes du d\u00e9veloppement du dialogue avec les adeptes des diff\u00e9rentes doctrines et confessions \u00e0 l&#8217;Est et \u00e0 l&#8217;Ouest.<\/li>\n\n\n\n<li>L&#8217;Association mondiale des dipl\u00f4m\u00e9s d&#8217;Al-Azhar en 1428 de l\u2019H\u00e9gire, 2007 AP JC.<\/li>\n\n\n\n<li>2010, le Grand Imam Al-Azhar, Cheikh d\u2019Al-Azhar, a lanc\u00e9 un projet pilote dans dix gouvernorats\u00a0: section islamique \u00abcycle secondaire\u00bb.<\/li>\n\n\n\n<li><strong>Efforts d\u00e9ploy\u00e9s en vue de promouvoir le dialogue islamique et islamo-chr\u00e9tien\u00a0:<\/strong><\/li>\n<\/ul>\n\n\n\n<ul class=\"wp-block-list\">\n<li>D\u00e9velopper les programmes de l\u2019Enseignement \u00e0 Al-Azhar Ash-Sharif.<\/li>\n\n\n\n<li>2010, cr\u00e9er la Maison Egyptienne de la Famille en vue de consolider les relations entre Al-Azhar et l&#8217;\u00c9glise copte \u00e9gyptienne. Cette Maison est compos\u00e9e d&#8217;un certain nombre d&#8217;\u00e9rudits musulmans, de membres de l&#8217;Eglise copte, de repr\u00e9sentants de diverses convictions chr\u00e9tiennes d&#8217;\u00c9gypte et d&#8217;un certain nombre de penseurs et d&#8217;experts.<\/li>\n\n\n\n<li>2014, cr\u00e9er la Maison Egyptienne de la Zakat et de l\u2019Aum\u00f4ne et supervise, en personne, ses d\u00e9penses.<\/li>\n\n\n\n<li>Activer le r\u00f4le d&#8217;Al-Azhar qu\u2019il joue officiellement dans l\u2019accueil des hauts fonctionnaires, des premiers ministres, des ministres du monde ext\u00e9rieur et des chefs d&#8217;\u00c9tat, des d\u00e9l\u00e9gations et personnalit\u00e9s r\u00e9gionales et internationales.<\/li>\n\n\n\n<li><strong>Efforts d\u00e9ploy\u00e9s dans le domaine de la Fatwa et de la pr\u00e9dication <\/strong><strong>:<\/strong><\/li>\n<\/ul>\n\n\n\n<ul class=\"wp-block-list\">\n<li>Des cours pour former les imams \u00e9gyptiens et ceux du monde islamique.<\/li>\n\n\n\n<li>Des cours, sur le renouvellement de la pens\u00e9e et du discours religieux,\u00a0 aux Ul\u00e9mas ainsi qu\u2019aux chercheurs au sein de la mosqu\u00e9e d\u2019Al Azhar et ses couloirs.<\/li>\n\n\n\n<li>Pr\u00eater attention au r\u00f4le des femmes dans le domaine de la pr\u00e9dication (da\u2018wah) et de la fatwa.<\/li>\n\n\n\n<li>Cr\u00e9er le Centre d\u2019Al-Azhar pour la fatwa \u00e9lectronique.<\/li>\n\n\n\n<li>D\u00e9velopper les programmes.<\/li>\n\n\n\n<li>R\u00e9activer les couloirs de la mosqu\u00e9e Al-Azhar tout en comptant sur des professeurs azharistes sp\u00e9cialis\u00e9s.<\/li>\n\n\n\n<li>\u00c9tablir un Comit\u00e9 de r\u00e9conciliation, actif \u00e0 l&#8217;int\u00e9rieur et \u00e0 l&#8217;ext\u00e9rieur de l&#8217;\u00c9gypte, afin de garder la s\u00e9curit\u00e9, la stabilit\u00e9 et le sang des gens.<\/li>\n\n\n\n<li>Sensibiliser le public et consolider la valeur et la place d&#8217;Al-Azhar dans le c\u0153ur des gens, notamment :<\/li>\n<\/ul>\n\n\n\n<p>&#8211; Rendre visite \u00e0 l&#8217;Universit\u00e9 du Caire le 1\/12\/2016 pour discuter les probl\u00e8mes des jeunes, r\u00e9pondre \u00e0 leurs questions et corriger les id\u00e9es chez les jeunes, par peur de tomber sous l\u2019emprise des id\u00e9es erron\u00e9es.<\/p>\n\n\n\n<p><strong>&#8211; Hors d\u2019\u00c9gypte&nbsp;:<\/strong><\/p>\n\n\n\n<ul class=\"wp-block-list\">\n<li>Juillet 2014, cr\u00e9er le Conseil des Sages musulmans comme une premi\u00e8re organisation internationale visant \u00e0 promouvoir la Paix dans le monde musulman. Citons l\u00e0 les plus importantes r\u00e9alisations de ce Conseil\u00a0:\u00a0\u00a0<\/li>\n<\/ul>\n\n\n\n<p>&#8211; Envoyer des Caravanes internationales de Paix \u00e0 de divers pays des Am\u00e9riques, de l&#8217;Asie, de l&#8217;Europe et de l&#8217;Afrique en vue de promouvoir la paix dans les soci\u00e9t\u00e9s, de soutenir la culture de la tol\u00e9rance et du vivre-ensemble, d\u2019assurer le dialogue et le vivre-ensemble entre les diff\u00e9rentes civilisations et cultures et de d\u00e9voiler la fausset\u00e9 du terrorisme qui commet ses crimes au nom de la religion.<\/p>\n\n\n\n<ul class=\"wp-block-list\">\n<li>Juin 2015, rendre visite au Royaume-Uni et participer \u00e0 de nombreux \u00e9v\u00e9nements visant \u00e0 promouvoir le dialogue interreligieux. Lors de cette visite, Son Eminence le Grand Imam a\u00a0:<\/li>\n\n\n\n<li>Rencontr\u00e9 l\u2019archev\u00eaque de Cantorb\u00e9ry, Justin Welby. Ils ont discut\u00e9 la poursuite de la coop\u00e9ration entre l\u2019\u00c9glise d\u2019Angleterre et Al-Azhar afin de diffuser la culture du vivre-ensemble et du dialogue interreligieux.<\/li>\n\n\n\n<li>Prononc\u00e9 un discours \u00e0 la Chambre des Lords pour \u00e9voquer l&#8217;histoire d&#8217;Al-Azhar, sa cr\u00e9ation il y a plus de mille ans, ainsi que la vision de cette institution quant \u00e0 la mani\u00e8re de contribuer \u00e0 la propagation de la Paix et de la compassion.<\/li>\n\n\n\n<li>Rencontr\u00e9 le Prince h\u00e9ritier du Royaume-Uni, Charles, et discut\u00e9 les moyens susceptibles de prendre des mesures concr\u00e8tes pour sensibiliser les jeunes et les g\u00e9n\u00e9rations \u00e0 accepter l&#8217;Autre et \u00e0 promouvoir la tol\u00e9rance entre les adeptes des religions.<\/li>\n\n\n\n<li>Particip\u00e9, en 2015, en tant que pr\u00e9sident du Conseil des Sages musulmans, \u00e0 la &#8220;R\u00e9union des Sages de l&#8217;EST et de l&#8217;OUEST pour le dialogue des civilisations &#8221; en Italie.<\/li>\n\n\n\n<li>Rendu visite, en F\u00e9vrier 2016, \u00e0 l&#8217;\u00c9tat indon\u00e9sien et s\u2019est adress\u00e9, \u00e0 travers un discours mondial, aux musulmans du monde entier dans le but de diffuser les valeurs du juste-milieu, de la paix, du vivre-ensemble entre les soci\u00e9t\u00e9s ainsi que celles du rejet de la violence et du terrorisme.<\/li>\n\n\n\n<li>Rendu visite, Mars 2016, \u00e0 l&#8217;Allemagne o\u00f9 il y avait plusieurs activit\u00e9s, y compris :\u00a0\u00a0<\/li>\n<\/ul>\n\n\n\n<p>&#8211; Prononcer un discours mondial, du Bundestag allemand, \u00e0 l\u2019Ouest.<\/p>\n\n\n\n<p>&#8211; Visiter la Salle historique de la Paix et prononcer un discours appelant tous les peuples \u00e0 mettre fin aux guerres et aux conflits en cours, tout en soulignant que la Paix entre les peuples commence par le dialogue des religions.<\/p>\n\n\n\n<p>&#8211; Prononcer un discours sur la Paix \u00e0 l\u2019Universit\u00e9 allemande de Munster.<\/p>\n\n\n\n<ul class=\"wp-block-list\">\n<li>Rendu visite, Mai 2016, au Nig\u00e9ria et rencontr\u00e9 un grand nombre d\u2019Ul\u00e9mas et de repr\u00e9sentants de la soci\u00e9t\u00e9 nig\u00e9riane.<\/li>\n\n\n\n<li>Visit\u00e9 le Vatican, Mai 2016, et rencontr\u00e9 le Pape au si\u00e8ge papal et accept\u00e9 de tenir la Conf\u00e9rence internationale de la Paix d\u2019Al-Azhar au Caire.<\/li>\n\n\n\n<li>Visit\u00e9 la France, Mai 2016, pour pr\u00e9sider le deuxi\u00e8me tour du dialogue entre les Sages de l&#8217;Est et de l&#8217;Ouest.<\/li>\n\n\n\n<li>Visit\u00e9 la Tch\u00e9tch\u00e9nie, Ao\u00fbt 2016, pour rencontrer le pr\u00e9sident et les dirigeants religieux et ex\u00e9cutifs.<\/li>\n\n\n\n<li>Visit\u00e9 l&#8217;Allemagne, Mai 2017, pour participer \u00e0 la C\u00e9l\u00e9bration du &#8220;Mouvement de r\u00e9forme religieuse en Europe&#8221; organis\u00e9e par l&#8217;\u00c9glise protestante \u00e0 l&#8217;occasion du 500<sup>\u00e8me <\/sup>anniversaire de sa cr\u00e9ation o\u00f9 il a prononc\u00e9 un discours important sur la tol\u00e9rance et le vivre-ensemble.<\/li>\n\n\n\n<li>Rendu visite au Royaume d&#8217;Arabie saoudite, Mai 2017, pour participer aux activit\u00e9s du forum &#8220;Twitteurs&#8221; o\u00f9 il adress\u00e9 un message pr\u00e9cieux \u00e0 la jeunesse arabe et islamique lors de son discours devant le forum intitul\u00e9 &#8220;La haine et l&#8217;extr\u00e9misme et leur impact sur les jeunes&#8221;.<\/li>\n\n\n\n<li>Rendu visite, Juillet 2017, aux \u00c9mirats arabes pour pr\u00e9sider la r\u00e9union d\u2019Urgence du Conseil des Sages musulmans ; une r\u00e9union qui avait pour but de d\u00e9battre les violations sionistes contre la mosqu\u00e9e Al-Aq\u1e63a.<\/li>\n\n\n\n<li>Rendu visite, Septembre 2017, \u00e0 Allemagne pour participer \u00e0 la Conf\u00e9rence\u00a0: \u00abVoies de la Paix\u00bb o\u00f9 il a prononc\u00e9 un discours important sur le dialogue interreligieux, la lutte anti-extr\u00e9miste, le renforcement des valeurs de la tol\u00e9rance et du vivre-ensemble. Parmi les personnalit\u00e9s \u00e9minentes que le Grand Imam a rencontr\u00e9es figure la Chanceli\u00e8re allemande, Angela Merkel.<\/li>\n\n\n\n<li>Rendu visite, Octobre 2017, \u00e0 la Suisse o\u00f9 il a pr\u00e9sid\u00e9 la troisi\u00e8me Session du dialogue entre les Sages de l\u2019Orient et de l\u2019Occident.<\/li>\n\n\n\n<li>Rendu visite, Novembre 2017, \u00e0 l\u2019Italie pour assister \u00e0 la quatri\u00e8me Session du dialogue entre l\u2019Orient et l\u2019Occident o\u00f9 il a prononc\u00e9 un discours sur \u00abL\u2019Orient et l\u2019Occident, vers un dialogue civilisationnel\u00bb. Puis, il a rencontr\u00e9 le Pape Fran\u00e7ois pour discuter les moyens de coordonner les efforts visant \u00e0 propager la culture du vivre-ensemble. Il a \u00e9galement rencontr\u00e9 Paolo Gentiloni, le Premier ministre italien.<\/li>\n\n\n\n<li>Rendu visite, Mars 2018, au Portugal en r\u00e9ponse \u00e0 une invitation du Pr\u00e9sident portugais Marcelo Rebelo de Sousa. Dans la R\u00e9sidence pr\u00e9sidentielle \u00e0 Lisbonne, le Grand Imam a rencontr\u00e9 le Pr\u00e9sident portugais, le pr\u00e9sident du Parlement portugais et le ministre des affaires \u00e9trang\u00e8res. Il a \u00e9galement visit\u00e9 l\u2019Universit\u00e9 catholique \u00e0 Lisbonne o\u00f9 il a prononc\u00e9 un discours sur \u00abLa question des valeurs religieuses et la crise des soci\u00e9t\u00e9s contemporaines\u00bb.<\/li>\n\n\n\n<li>Rendu visite, Mars 2018, \u00e0 la Mauritanie o\u00f9 il a rencontr\u00e9 le Pr\u00e9sident de la R\u00e9publique mauritanienne Mohamed Ould Abdel Aziz ainsi que le Premier ministre mauritanien, l\u2019ing\u00e9nieur Yahya Ould Hademine. Le Grand Imam a \u00e9galement assist\u00e9 \u00e0 la Signature d\u2019un Protocole de coop\u00e9ration entre l\u2019Universit\u00e9 d\u2019Al-Azhar, l\u2019Universit\u00e9 des Sciences Islamiques et l\u2019Institut Sup\u00e9rieur des \u00c9tudes et Recherches Islamiques en Mauritanie.<\/li>\n\n\n\n<li>Rendu visite, Avril 2018, \u00e0 l\u2019Indon\u00e9sie om il a rencontr\u00e9 le Pr\u00e9sident indon\u00e9sien Joko Widodo et son Vice-pr\u00e9sident Muhammad Jusuf Kalla.<\/li>\n\n\n\n<li>Rendu visite, Mai 2018, au Singapour om il a rencontr\u00e9 la Pr\u00e9sidente de la R\u00e9publique singapourienne, Madame Halimah Yacob, ainsi que Monsieur le Premier ministre singapourien. D\u2019ailleurs, son \u00c9minence a particip\u00e9 \u00e0 la Conf\u00e9rence annuelle du Conseil islamique du Singapour, et a prononc\u00e9, \u00e0 l\u2019occasion du 50<sup>\u00e8me<\/sup> anniversaire de sa cr\u00e9ation, un discours sur \u00abLe r\u00f4le de la religion dans l\u2019unification des nations\u00bb.<\/li>\n\n\n\n<li>Rendu visite, Mai 2018, au Sultanat du Brunei o\u00f9 il a rencontr\u00e9 Son Excellence Haji Hassanal Bolkiah, Sultan du Brunei, et a donn\u00e9, en pr\u00e9sence de tous les ministres du gouvernement et hauts responsables du Sultanat, un cours sur \u00ables d\u00e9fis de la nation islamique face au terrorisme\u00bb.<\/li>\n\n\n\n<li>Rendu visite, Juillet 2018, au Royaume-Uni pour participer aux activit\u00e9s du \u00abForum des jeunes artisans de la paix\u00bb, organis\u00e9 par Al-Azhar en collaboration avec le Conseil des Sages musulmans et l\u2019archev\u00each\u00e9 de Canterbury. Au cours de cette visite, le Grand Imam a rencontr\u00e9 la Reine Elizabeth II, Reine de la Grande-Bretagne.<\/li>\n\n\n\n<li><strong>Efforts d\u00e9ploy\u00e9s dans la lutte contre l\u2019extr\u00e9misme et le terrorisme :<\/strong><\/li>\n<\/ul>\n\n\n\n<p>Outre ses efforts pr\u00e9c\u00e9demment mentionn\u00e9s dans le renforcement de la Culture de la Paix, son \u00c9minence en a d\u00e9ploy\u00e9 d\u2019autres dans la lutte contre l\u2019extr\u00e9misme et le terrorisme. Il a, par exemple :<\/p>\n\n\n\n<ul class=\"wp-block-list\">\n<li>Organis\u00e9, D\u00e9cembre 2014, la Premi\u00e8re Conf\u00e9rence internationale contre l\u2019Extr\u00e9misme et le Terrorisme, et y a invit\u00e9 des repr\u00e9sentants de 120 pays : des musulmans (sunnites et chiites), des chr\u00e9tiens et des repr\u00e9sentants d\u2019autres sectes religieuses afin de trouver une formule unifi\u00e9e contre l\u2019Extr\u00e9misme et le Terrorisme.<\/li>\n\n\n\n<li>Particip\u00e9, F\u00e9vrier 2015, \u00e0 la Conf\u00e9rence anti-terroriste tenue \u00e0 la Mecque.<\/li>\n\n\n\n<li>Particip\u00e9, Novembre 2015, \u00a0\u00e0 la Conf\u00e9rence du renouvellement du discours religieux tenue \u00e0 Louxor sous le patronage du Conseil Sup\u00e9rieur des Affaires islamiques.<\/li>\n\n\n\n<li>Le Grand Imam ne tarde pas \u00e0 montrer, \u00e0 toute occasion, l\u2019\u00e9garement et le mensonge de l\u2019Organisation terroriste de Daech qui tient la religion pour voile cachant ses id\u00e9es erron\u00e9es. \u00a0<\/li>\n\n\n\n<li>Son \u00c9minence affirme qu\u2019\u00e0 cette Organisation terroriste s\u2019applique le verset coranique\u00a0 \u00abLa r\u00e9compense de ceux qui font la guerre contre Allah et Son messager, et qui s\u2019efforcent de semer la corruption sur terre, c\u2019est qu\u2019ils soient tu\u00e9s, ou crucifi\u00e9s, ou que soient coup\u00e9es leur main et leur jambe oppos\u00e9es, ou qu\u2019ils soient expuls\u00e9s du pays. Ce sera pour eux l\u2019ignominie ici-bas ; et dans l\u2019au-del\u00e0, il y aura pour eux un \u00e9norme ch\u00e2timent\u00bb \u00abLa Table servie : 33\u00bb.<\/li>\n\n\n\n<li><strong>Innovations :<\/strong><\/li>\n<\/ul>\n\n\n\n<p>Son \u00c9minence a innov\u00e9 de nombreux moyens pour soutenir les efforts des personnes int\u00e9ress\u00e9es par l\u2019institution prestigieuse d\u2019Al-Azhar. Bien que les circonstances actuelles aillent dans le sens oppos\u00e9, la nation islamique voit qu\u2019Al-Azhar, sous la direction du Grand Imam, est digne d\u2019assumer la responsabilit\u00e9 de cette mission mondiale. Parmi ces innovations :<\/p>\n\n\n\n<p>&#8211; Association internationale des dipl\u00f4m\u00e9s d\u2019Al-Azhar.<\/p>\n\n\n\n<p>&#8211; Maison \u00e9gyptienne de la Famille.<\/p>\n\n\n\n<p>&#8211; Instituts d\u2019Al-Azhar, section des \u00e9tudes islamiques.<\/p>\n\n\n\n<p>&#8211; Maison \u00e9gyptienne de la Zakat et de l\u2019Aum\u00f4ne.<\/p>\n\n\n\n<p>&#8211; Conseil des Sages musulmans.<\/p>\n\n\n\n<p>&#8211; Observatoire d\u2019Al-Azhar en langues \u00e9trang\u00e8res.<\/p>\n\n\n\n<p>&#8211; Restauration des couloirs de la Mosqu\u00e9e Al-Azhar.<\/p>\n\n\n\n<p>&#8211; Institut des sciences islamiques.<\/p>\n\n\n\n<p>&#8211; Comit\u00e9 sup\u00e9rieur de r\u00e9conciliation.<\/p>\n\n\n\n<p>&#8211; Brigades des innovateurs.<\/p>\n\n\n\n<p>&#8211; Instauration de la Justice au sein de l\u2019Institution d\u2019Al-Azhar.<\/p>\n\n\n\n<p><\/p>\n","protected":false},"excerpt":{"rendered":"<p>Naissance et Formation\u00a0: Issu d&#8217;une Noble Famille, le Professeur Docteur&nbsp;: Ahmed&nbsp; Mohamed Ahmed A\u1e6d-\u1e6cayyieb est n\u00e9 au village Al-Kourna, Gouvernorat de Louxor, le 3 \u1e62afar 1365 de l&#8217;H\u00e9gire, le 6 Janvier 1946 AP. JC. Son p\u00e8re \u00e9tait \u00e9rudit et vertueux. Il a fait ses \u00e9tudes \u00e0 Al-Azhar, m\u00e9moris\u00e9 le Coran et appris, de la mani\u00e8re &hellip;<\/p>\n","protected":false},"author":13,"featured_media":27308,"comment_status":"open","ping_status":"open","sticky":false,"template":"","format":"standard","meta":{"om_disable_all_campaigns":false,"_monsterinsights_skip_tracking":false,"_monsterinsights_sitenote_active":false,"_monsterinsights_sitenote_note":"","_monsterinsights_sitenote_category":0,"footnotes":""},"categories":[74],"tags":[],"class_list":["post-27307","post","type-post","status-publish","format-standard","has-post-thumbnail","hentry","category-news"],"aioseo_notices":[],"_links":{"self":[{"href":"https:\/\/waag-azhar.org\/fr\/wp-json\/wp\/v2\/posts\/27307","targetHints":{"allow":["GET"]}}],"collection":[{"href":"https:\/\/waag-azhar.org\/fr\/wp-json\/wp\/v2\/posts"}],"about":[{"href":"https:\/\/waag-azhar.org\/fr\/wp-json\/wp\/v2\/types\/post"}],"author":[{"embeddable":true,"href":"https:\/\/waag-azhar.org\/fr\/wp-json\/wp\/v2\/users\/13"}],"replies":[{"embeddable":true,"href":"https:\/\/waag-azhar.org\/fr\/wp-json\/wp\/v2\/comments?post=27307"}],"version-history":[{"count":0,"href":"https:\/\/waag-azhar.org\/fr\/wp-json\/wp\/v2\/posts\/27307\/revisions"}],"wp:featuredmedia":[{"embeddable":true,"href":"https:\/\/waag-azhar.org\/fr\/wp-json\/wp\/v2\/media\/27308"}],"wp:attachment":[{"href":"https:\/\/waag-azhar.org\/fr\/wp-json\/wp\/v2\/media?parent=27307"}],"wp:term":[{"taxonomy":"category","embeddable":true,"href":"https:\/\/waag-azhar.org\/fr\/wp-json\/wp\/v2\/categories?post=27307"},{"taxonomy":"post_tag","embeddable":true,"href":"https:\/\/waag-azhar.org\/fr\/wp-json\/wp\/v2\/tags?post=27307"}],"curies":[{"name":"wp","href":"https:\/\/api.w.org\/{rel}","templated":true}]}}